{"provider_url": "https://www.saltodoitarare.pr.leg.br", "title": "Compra Direta", "html": "<table class=\"plain\">\r\n<tbody>\r\n<tr><th style=\"text-align: center; \">N\u00famero da Modalidade</th><th style=\"text-align: center; \">Objeto</th><th style=\"text-align: center; \">Data da Autoriza\u00e7\u00e3o</th><th style=\"text-align: center; \">Valor Contratado</th><th style=\"text-align: center; \">Download</th></tr>\r\n<tr>\r\n<td style=\"text-align: center; \">1/2025</td>\r\n<td style=\"text-align: center; \">Instala\u00e7\u00e3o do Bededouro na Sede da C\u00e2mara Municipal de Salto do Itarar\u00e9/PR.\u00a0\u00a0</td>\r\n<td style=\"text-align: center; \">20/01/2025</td>\r\n<td style=\"text-align: center; \">250,00</td>\r\n<td style=\"text-align: center; \"><a title=\"\" href=\"https://www.saltodoitarare.pr.leg.br/transparencia/avisos-e-editais-de-licitacao/2025/arquivos-2025/autorizacao-de-compra-direta-01-2025\" class=\"internal-link\" target=\"_self\">Bebedouro</a></td>\r\n</tr>\r\n<tr>\r\n<td style=\"text-align: center; \">2/2025</td>\r\n<td style=\"text-align: center; \">Manuten\u00e7\u00e3o na Impressora BROTHER em uso pela Contabilidade e Jur\u00eddico.</td>\r\n<td style=\"text-align: center; \">20/01/2025</td>\r\n<td style=\"text-align: center; \">360,00</td>\r\n<td style=\"text-align: center; \">\r\n<p><a title=\"\" href=\"https://www.saltodoitarare.pr.leg.br/transparencia/avisos-e-editais-de-licitacao/2025/arquivos-2025/autorizacao-de-compra-direta-02-2025\" class=\"internal-link\" target=\"_self\">Impressora</a></p>\r\n<p><a title=\"\" href=\"https://www.saltodoitarare.pr.leg.br/transparencia/avisos-e-editais-de-licitacao/2025/arquivos-2025/nf-manutencao-impressora\" class=\"internal-link\" target=\"_self\">NOTA FISCAL</a></p>\r\n</td>\r\n</tr>\r\n<tr>\r\n<td style=\"text-align: center; \">3/2025</td>\r\n<td style=\"text-align: center; \">Manuten\u00e7\u00e3o do ar condicionado do Plen\u00e1rio da C\u00e2mara Municipal de Salto do Itarar\u00e9/PR</td>\r\n<td style=\"text-align: center; \">27/01/2025</td>\r\n<td style=\"text-align: center; \">800,00</td>\r\n<td style=\"text-align: center; \">\r\n<p><a title=\"\" href=\"https://www.saltodoitarare.pr.leg.br/transparencia/avisos-e-editais-de-licitacao/2025/arquivos-2025/autorizacao-de-compra-direta-03-2025\" class=\"internal-link\" target=\"_self\">Ar Condicionado</a></p>\r\n<p><a title=\"\" href=\"https://www.saltodoitarare.pr.leg.br/transparencia/avisos-e-editais-de-licitacao/2025/arquivos-2025/nota-fiscal-manutencao-do-ar-condicionado\" class=\"internal-link\" target=\"_self\">NOTA FISCAL</a></p>\r\n</td>\r\n</tr>\r\n<tr>\r\n<td style=\"text-align: center; \">4/2025</td>\r\n<td style=\"text-align: center; \">Aquisi\u00e7\u00e3o de Placas de identifica\u00e7\u00e3o dos Vereadores para usos no Plen\u00e1rio da C\u00e2mara Municipal de Salto do Itarar\u00e9/PR</td>\r\n<td style=\"text-align: center; \">27/01/2025</td>\r\n<td style=\"text-align: center; \">3.735,00</td>\r\n<td style=\"text-align: center; \">\r\n<p><a title=\"\" href=\"https://www.saltodoitarare.pr.leg.br/transparencia/avisos-e-editais-de-licitacao/2025/arquivos-2025/autorizacao-compra-direta-04-2025\" class=\"internal-link\" target=\"_self\">Placa dos Vereadores</a></p>\r\n<p><span><a title=\"\" href=\"https://www.saltodoitarare.pr.leg.br/transparencia/avisos-e-editais-de-licitacao/2025/arquivos-2025/nf-placas\" class=\"internal-link\" target=\"_self\">NOTA FISCAL</a></span></p>\r\n</td>\r\n</tr>\r\n<tr>\r\n<td style=\"text-align: center; \">5/2025</td>\r\n<td style=\"text-align: center; \">Aquisi\u00e7\u00e3o de equipamentos para uso no Plen\u00e1rio da C\u00e2mara Municipal de Salto do Itarar\u00e9/PR nas transmiss\u00f5es ao vivo das Sess\u00f5es</td>\r\n<td style=\"text-align: center; \">10/02/2025</td>\r\n<td style=\"text-align: center; \">4.095,00</td>\r\n<td style=\"text-align: center; \">\r\n<p><a title=\"\" href=\"https://www.saltodoitarare.pr.leg.br/transparencia/avisos-e-editais-de-licitacao/2025/arquivos-2025/autorizacao-de-compra-direta-05-2025\" class=\"internal-link\" target=\"_self\">Equipamentos</a></p>\r\n<p><a title=\"\" href=\"https://www.saltodoitarare.pr.leg.br/transparencia/avisos-e-editais-de-licitacao/2025/arquivos-2025/nota-fiscal-equipamentos-para-transmissao\" class=\"internal-link\" target=\"_self\">NOTA FISCAL</a></p>\r\n</td>\r\n</tr>\r\n<tr>\r\n<td style=\"text-align: center; \">06/2025</td>\r\n<td style=\"text-align: center; \">\r\n<p>Revis\u00e3o de 60.000KM do ve\u00edculo oficial da C\u00e2mara Municipal de Salto do Itarar\u00e9/PR.</p>\r\n</td>\r\n<td style=\"text-align: center; \">06/03/2025</td>\r\n<td style=\"text-align: center; \">1.150,00</td>\r\n<td style=\"text-align: center; \">\r\n<p><a title=\"\" href=\"https://www.saltodoitarare.pr.leg.br/transparencia/avisos-e-editais-de-licitacao/2025/arquivos-2025/autorizacao-de-compra-direta\" class=\"internal-link\" target=\"_self\">Man. Ve\u00edculo</a></p>\r\n<p><a title=\"\" href=\"https://www.saltodoitarare.pr.leg.br/transparencia/avisos-e-editais-de-licitacao/2025/arquivos-2025/notas-fiscais-manutencao-veiculo/view\" class=\"external-link\" target=\"_self\">Nota Fiscal</a></p>\r\n</td>\r\n</tr>\r\n<tr>\r\n<td style=\"text-align: center; \">07/2025</td>\r\n<td style=\"text-align: center; \">\r\n<p>Revis\u00e3o de 70.000 KM do ve\u00edculo oficial da C\u00e2mara Municipal de Salto do Itarar\u00e9/PR</p>\r\n</td>\r\n<td style=\"text-align: center; \">15/05/2025</td>\r\n<td style=\"text-align: center; \">1.330,00</td>\r\n<td style=\"text-align: center; \">\r\n<p><a title=\"\" href=\"https://www.saltodoitarare.pr.leg.br/transparencia/avisos-e-editais-de-licitacao/2025/arquivos-2025/autorizacao-de-manutencao-de-veiculo/view\" class=\"external-link\" target=\"_self\">Manuten\u00e7\u00e3o</a></p>\r\n<p>Notas <a title=\"\" href=\"https://www.saltodoitarare.pr.leg.br/transparencia/avisos-e-editais-de-licitacao/2025/arquivos-2025/manutencao-de-veiculo\" class=\"internal-link\" target=\"_self\">1</a> <a title=\"\" href=\"https://www.saltodoitarare.pr.leg.br/transparencia/avisos-e-editais-de-licitacao/2025/arquivos-2025/manutencao-de-veiculo-1\" class=\"internal-link\" target=\"_self\">2</a> <a title=\"\" href=\"https://www.saltodoitarare.pr.leg.br/transparencia/avisos-e-editais-de-licitacao/2025/arquivos-2025/manutencao-de-veiculo-2/view\" class=\"external-link\" target=\"_self\">3</a> <a title=\"\" href=\"https://www.saltodoitarare.pr.leg.br/transparencia/avisos-e-editais-de-licitacao/2025/arquivos-2025/manutencao-de-veiculo-3/view\" class=\"external-link\" target=\"_self\">4</a></p>\r\n</td>\r\n</tr>\r\n<tr>\r\n<td style=\"text-align: center; \">08/2025</td>\r\n<td style=\"text-align: center; \">\r\n<p>Revis\u00e3o de 80.000KM do ve\u00edculo oficial da C\u00e2mara Municipal de Salto do Itarar\u00e9/PR.</p>\r\n</td>\r\n<td style=\"text-align: center; \">16/07/2025</td>\r\n<td style=\"text-align: center; \">1.800,00</td>\r\n<td style=\"text-align: center; \">\r\n<p><a title=\"\" href=\"https://www.saltodoitarare.pr.leg.br/transparencia/avisos-e-editais-de-licitacao/2025/arquivos-2025/autorizacao-manutencao-80-000-km/view\" class=\"external-link\" target=\"_blank\">Manuten\u00e7\u00e3o</a></p>\r\n<p><a title=\"\" href=\"https://www.saltodoitarare.pr.leg.br/transparencia/avisos-e-editais-de-licitacao/2025/arquivos-2025/notas-fiscais-revisao-veicular-80-000-km\" class=\"internal-link\" target=\"_self\">Notas</a>\u00a0</p>\r\n</td>\r\n</tr>\r\n<tr>\r\n<td style=\"text-align: center; \">09/2025</td>\r\n<td style=\"text-align: center; \">\r\n<p>Revis\u00e3o de 90.000KM do ve\u00edculo oficial da C\u00e2mara Municipal de Salto do Itarar\u00e9/PR.</p>\r\n</td>\r\n<td style=\"text-align: center; \">21/10/2025</td>\r\n<td style=\"text-align: center; \">1.105,00</td>\r\n<td style=\"text-align: center; \">\r\n<p><a title=\"\" href=\"https://www.saltodoitarare.pr.leg.br/transparencia/avisos-e-editais-de-licitacao/2025/arquivos-2025/autorizacao-de-revisao-de-veiculo-90-000-km\" class=\"internal-link\" target=\"_self\">Autoriza\u00e7\u00e3o</a></p>\r\n<p><a title=\"\" href=\"https://www.saltodoitarare.pr.leg.br/transparencia/avisos-e-editais-de-licitacao/2025/arquivos-2025/notas-fiscais-manutencao-90-000-km/view\" class=\"external-link\" target=\"_self\">Notas Fiscais</a></p>\r\n</td>\r\n</tr>\r\n<tr>\r\n<td style=\"text-align: center; \">10/2025</td>\r\n<td style=\"text-align: center; \">\r\n<p>Elabora\u00e7\u00e3o de projeto arquitet\u00f4nico e memorial descritivo destinados \u00e0 reforma da sede da C\u00e2mara Municipal de Salto do Itarar\u00e9/PR.</p>\r\n</td>\r\n<td style=\"text-align: center; \">28/10/2025</td>\r\n<td style=\"text-align: center; \">5.480,00</td>\r\n<td style=\"text-align: center; \">\r\n<p><a class=\"external-link\" href=\"https://www.saltodoitarare.pr.leg.br/transparencia/avisos-e-editais-de-licitacao/2025/arquivos-2025/autorizacao-elaboracao-de-projeto-arquitetonico-e-memorial-descritivo-destinados-a-reforma-da-sede-da-camara-municipal-de-salto-do-itarare-pr/view\" target=\"_self\" title=\"\">Autoriza\u00e7\u00e3o</a></p>\r\n<p><a title=\"\" href=\"https://www.saltodoitarare.pr.leg.br/transparencia/avisos-e-editais-de-licitacao/2025/arquivos-2025/nota-fiscal-do-projeto-arquitetonico-e-o-memorial-descritivo/view\" class=\"external-link\" target=\"_self\">Notas Fiscais</a></p>\r\n</td>\r\n</tr>\r\n</tbody>\r\n</table>", "author_name": "", "version": "1.0", "author_url": "https://www.saltodoitarare.pr.leg.br/author/adm", "provider_name": "C\u00c2MARA MUNICIPAL DE", "type": "rich"}