{"provider_url": "https://www.saltodoitarare.pr.leg.br", "title": "CONVITE \u2013 AUDI\u00caNCIA P\u00daBLICA", "html": "<p data-start=\"264\" data-end=\"588\">A C\u00e2mara Municipal de Salto do Itarar\u00e9, por meio de seu Presidente, <strong data-start=\"332\" data-end=\"361\">Reginaldo Aparecido Alves</strong>, convida toda a popula\u00e7\u00e3o e as entidades representativas do munic\u00edpio para participarem da <strong data-start=\"453\" data-end=\"474\">Audi\u00eancia P\u00fablica</strong> que ser\u00e1 realizada para a <strong data-start=\"501\" data-end=\"587\">An\u00e1lise das Metas Fiscais do Terceiro Quadrimestre do exerc\u00edcio financeiro de 2025</strong>.</p>\r\n<p data-start=\"590\" data-end=\"745\">\ud83d\udcc5 <strong data-start=\"593\" data-end=\"602\">Data:</strong> 23 de janeiro de 2026<br data-start=\"624\" data-end=\"627\" /> \u23f0 <strong data-start=\"629\" data-end=\"641\">Hor\u00e1rio:</strong> 09h00<br data-start=\"647\" data-end=\"650\" /> \ud83d\udccd <strong data-start=\"653\" data-end=\"663\">Local:</strong> Sede da C\u00e2mara Municipal de Salto do Itarar\u00e9<br data-start=\"708\" data-end=\"711\" /> Rua Eduardo Bertoni Junior, n\u00ba 961</p>\r\n<p data-start=\"747\" data-end=\"931\">A audi\u00eancia tem por objetivo garantir a <strong data-start=\"787\" data-end=\"821\">transpar\u00eancia da gest\u00e3o fiscal</strong>, permitindo que os cidad\u00e3os acompanhem, avaliem e participem do processo de fiscaliza\u00e7\u00e3o das contas p\u00fablicas.</p>\r\n<p data-start=\"933\" data-end=\"1029\">A presen\u00e7a da comunidade \u00e9 fundamental para o fortalecimento da democracia e do controle social.</p>\r\n<p data-start=\"933\" data-end=\"1029\"><a title=\"\" href=\"https://www.saltodoitarare.pr.leg.br/transparencia/audiencia-publica/2025/convite-editais-e-atas-da-audiencia-2025/convite-da-audiencia-publica-do-3o-quadrimestre\" class=\"internal-link\" target=\"_self\">Edital de convoca\u00e7\u00e3o</a></p>\r\n<p data-start=\"1031\" data-end=\"1126\" data-is-last-node=\"\" data-is-only-node=\"\"><strong data-start=\"1031\" data-end=\"1071\">C\u00e2mara Municipal de Salto do Itarar\u00e9</strong><br data-start=\"1071\" data-end=\"1074\" /> <strong data-start=\"1074\" data-end=\"1103\">Reginaldo Aparecido Alves</strong><br data-start=\"1103\" data-end=\"1106\" /> Presidente da C\u00e2mara</p>", "author_name": "", "version": "1.0", "author_url": "https://www.saltodoitarare.pr.leg.br/author/adm", "provider_name": "C\u00c2MARA MUNICIPAL DE", "type": "rich"}