{"provider_url": "https://www.saltodoitarare.pr.leg.br", "title": "Hist\u00f3ria", "html": "<p><b>Hist\u00f3rico do munic\u00edpio de Salto do Itarar\u00e9</b></p>\r\n<p>Os primeiros colonizadores do munic\u00edpio de Salto do Itarar\u00e9 eram mineiros que se instalaram na \u00e1rea por volta de 1850, devido ao grande n\u00famero de tribos ind\u00edgenas o primeiro nome de Salto do Itarar\u00e9 foi Santo Ant\u00f4nio dos \u00cdndios, em meados \u201cde 1863 come\u00e7aram a surgir \u00e0s primeiras fam\u00edlias lideradas por, Jos\u00e9 Caetano de Carvalho, e sua mulher Maria Romana Barbosa\u201d (FERREIRA, 2000, p. 5).</p>\r\n<p>Em 1901, atrav\u00e9s da Lei n\u00ba 33, de 28 de janeiro do referido ano (FERREIRA, 2000, p. 6), criou-se o distrito judici\u00e1rio de Santo Ant\u00f4nio dos \u00cdndios que, mais tarde, alterada para Salto do Itarar\u00e9 e pertencendo ao munic\u00edpio de Siqueira Campos.\u00a0\u00a0\u00a0\u00a0\u00a0\u00a0\u00a0\u00a0\u00a0\u00a0\u00a0</p>\r\n<p>O munic\u00edpio de Salto do Itarar\u00e9 foi criado pela lei Estadual n\u00b0 4.245 de 25 de Junho de 1960 e foi instalado no dia 25 de Setembro de 1960 (FERREIRA, 2000, p. 6).\u00a0 Sendo seu primeiro prefeito M\u00e1rio Bruno, nomeado administrador do munic\u00edpio e eleito pelo voto direto em 15 de novembro de 1961.</p>\r\n<p>Salto do Itarar\u00e9 pertencia ao munic\u00edpio de S\u00e3o Jos\u00e9 da Boa Vista, quando o interventor Manoel Ribas, pela Lei n\u00b0 19 de 17 de outubro de 1935, incorporou Salto do Itarar\u00e9 ao distrito de Siqueira Campos, pois o Presidente do Estado, Francisco Xavier da Silva, j\u00e1 havia assinado o decreto n\u00b0 33 de 28 de janeiro de 1901, elevando Salto \u00e0 categoria de distrito. (FERREIRA, 2000, p. 6)</p>\r\n<p>Salto do Itarar\u00e9 est\u00e1 localizado pr\u00f3ximo ao Tr\u00f3pico de Capric\u00f3rnio, compreendido nas Coordenadas Geogr\u00e1ficas de 23\u00b035\u201940 latitude Sul (S) da Linha do Equador, 48\u00b038\u2019 longitude Oeste (W) do Meridiano de Greenwich. (FERRIERA, 2000, p. 3). O munic\u00edpio se encontra a 336,23 km\u00b2 da capital do Estado Curitiba.</p>\r\n<p>O munic\u00edpio de Salto do Itarar\u00e9 foi desmembrado do munic\u00edpio de Siqueira Campos pelo de Decreto Estadual n\u00b0 4.245, de 25 de junho 1960 (FERREIRA, 2000, p. 8).\u00a0</p>\r\n<p>Segundo a contagem populacional realizada pelo IBGE<a href=\"file://servidor/Users/SERVIDOR/Documents/ARQUIVO%20DE%20DOCUMENTOS/ARQUIVO%20SITE/C%C3%A2mara%20Municipal/Hist%C3%B3rico.docx#_ftn1\" title=\"\">[1]</a> em2007, a popula\u00e7\u00e3o do munic\u00edpio \u00e9 de 5.087. A cidade em 2007 contou com 4.009 eleitores, sendo da faixa et\u00e1ria de16 a 17 anos um total de 94 segundo o IPARDES \u2013 Instituto Paranaense de Desenvolvimento Econ\u00f4mico e Social. Em 2000 de acordo com o IPARDES com base no CENSO de2000 a popula\u00e7\u00e3o na faixa et\u00e1ria de10 a 14 anos era de 539 habitantes e da faixa et\u00e1ria de15 a 19 anos 568 habitantes.</p>\r\n<p>A educa\u00e7\u00e3o no munic\u00edpio \u00e9 composta por duas (2) escolas estaduais de ensino fundamental e m\u00e9dio pertencente ao N\u00facleo Regional de Educa\u00e7\u00e3o do Paran\u00e1 sendo sua sedeem Wenceslau Braz, sendo elas Escola Estadual Gabriel Bertoni ensino fundamental de 5\u00aa a 8\u00aa serie (l\u00f3cus da pesquisa) e a Escola Estadual Antonio Delfino Fragoso ensino m\u00e9dio (1\u00aa a 3\u00aa ano). E tamb\u00e9m possui um Centro Infantil de Educa\u00e7\u00e3o Manuela Izaurina de Carvalho e uma escola de ensino fundamental de 1\u00aa a 4\u00aa serie sendo intitulada Escola Municipal Professora Hilda de Souza Camargo Oliveira e a Escola Especial Reviver (APAE). De acordo com o IBGE de 2008 o n\u00famero de alunos matriculados no ensino fundamental de 5\u00aa a 8\u00aa \u00e9 de 398 alunos.</p>\r\n<p>\u00a0A pesquisa acontece na Escola Estadual Gabriel Bertoni 5\u00aa a 8\u00aa s\u00e9rie. A escola teve o in\u00edcio de suas atividades no ano de 1953, com autoriza\u00e7\u00e3o do ent\u00e3o governador do Estado Mois\u00e9s Lupion em 9 de mar\u00e7o de 1953, foi inaugurado o Grupo Escolar do Distrito de Salto do Itarar\u00e9, sendo sua primeira diretora professora Hilda de Souza Camargo Oliveira. Sendo a escola mais antiga da cidade. (FERREIRA, 2000, p. 11).</p>\r\n<p>Em 1962, pelo Decreto n\u00b0 6.130 foi criado a Escola Normal de Grau Ginasial de Salto do Itarar\u00e9, e com decreto n\u00b08.139 foi transformadaem Gin\u00e1sio Estadual GabrielBertoni, e j\u00e1 em 1969, o Grupo Escolar Salto do Itarar\u00e9 foi denominado Grupo Escolar Jos\u00e9 Eug\u00eanio de Carvalho pelo decreto n\u00b0 17.588. Em fins de dezembro de1981 aEscola Estadual Gabriel foi estabelecida pela Resolu\u00e7\u00e3o n\u00b0 3.198/81 com a uni\u00e3o do Gin\u00e1sio Estadual Gabriel Bertoni e o Grupo Escolar Jos\u00e9 Eug\u00eanio de Carvalho.</p>\r\n<p>O nome da escola \u00e9 em homenagem a um dos fundadores do munic\u00edpio Gabriel Bertoni filho de Ranieri Bertoni e Paschoa Vangioni. Os quais foram muito importantes para o munic\u00edpio, ele foi Capit\u00e3o da Guarda Nacional, vereador do distrito na Comarca de S\u00e3o Jos\u00e9 da Boa vista, Juiz de Paz, durante 25 anos inspetor do Ensino Escolar, foi tamb\u00e9m um dos primeiros moradores da aldeia, trabalhou sem descanso para que o lugar se tornasse munic\u00edpio.</p>\r\n<p>A escola foi escolhida como l\u00f3cus de nossa pesquisa, por ser a que concentra o maior n\u00famero de adolescentes na faixa et\u00e1ria desejada para o nosso estudo e ainda pelo acesso e disponibilidade da dire\u00e7\u00e3o da Escola Estadual Gabriel Bertoni em acolher-nos.</p>\r\n<p>\u00a0\u00a0\u00a0\u00a0\u00a0\u00a0\u00a0\u00a0\u00a0\u00a0\u00a0 <b></b></p>\r\n<p><b>\u00a0\u00a0\u00a0\u00a0\u00a0\u00a0\u00a0\u00a0\u00a0\u00a0\u00a0 </b></p>\r\n<div><br clear=\"all\" /><hr align=\"left\" size=\"1\" width=\"33%\" />\r\n<div>\r\n<p><a href=\"file://servidor/Users/SERVIDOR/Documents/ARQUIVO%20DE%20DOCUMENTOS/ARQUIVO%20SITE/C%C3%A2mara%20Municipal/Hist%C3%B3rico.docx#_ftnref1\" title=\"\">[1]</a> Dados referentes ao site do IBGE \u2013 Instituto Brasileiro de Geogr\u00e1fica e Estat\u00edstica.</p>\r\n</div>\r\n</div>", "author_name": "Interlegis", "version": "1.0", "author_url": "https://www.saltodoitarare.pr.leg.br/author/Interlegis", "provider_name": "C\u00c2MARA MUNICIPAL DE", "type": "rich"}